{"id":960,"date":"2023-01-08T17:54:23","date_gmt":"2023-01-08T16:54:23","guid":{"rendered":"https:\/\/jung-transformatoren.de\/?p=960"},"modified":"2023-01-08T17:54:23","modified_gmt":"2023-01-08T16:54:23","slug":"jung-trafo-75-jaehriges-betriebsjubilaeum","status":"publish","type":"post","link":"https:\/\/jung-transformatoren.de\/en\/jung-trafo-75-jaehriges-betriebsjubilaeum\/","title":{"rendered":"Jung Trafo &#8211; 75 j\u00e4hriges Betriebsjubil\u00e4um"},"content":{"rendered":"<p>Jung Elektroger\u00e4tebau GmbH Dezember 2022<\/p>\n<div class=\"x11i5rnm xat24cr x1mh8g0r x1vvkbs xdj266r x126k92a\">\n<div dir=\"auto\">75 Jahre Jung Elektroger\u00e4tebau GmbH<\/div>\n<\/div>\n<div class=\"x11i5rnm xat24cr x1mh8g0r x1vvkbs xtlvy1s x126k92a\">\n<div dir=\"auto\">auf diese stolze Zahl durften wir 2022 zur\u00fcckblicken, &#8211; leider unter Pandemie Restriktionen. Wir sind froh und stolz, dass wir bei allen H\u00f6hen und Tiefen, die die Jahre so mit sich brachten, so weit gekommen sind. Wir gedenken Herrn Johannes G\u00fcnther Jung (1924-2016) und Frau Griseldis Antonie Jung-Steinborn (1927-2003), die den Grundstein f\u00fcr unsere Entwicklung und unseren Erfolg legten, und die in Gedanken jeden Tag bei uns sind und uns au\u00dferdem dazu auffordern, achtsam auch neue Wege zu beschreiten. Vielen Dank an das Jung Team, unsere Kunden und unsere Lieferanten f\u00fcr den langj\u00e4hrigen und immerw\u00e4hrenden Support und die Begleitung! Let&#8217;s go on!<\/div>\n<\/div>\n<p>&nbsp;<\/p>\n","protected":false},"excerpt":{"rendered":"<p>Jung Elektroger\u00e4tebau GmbH Dezember 2022 75 Jahre Jung Elektroger\u00e4tebau GmbH auf diese stolze Zahl durften wir 2022 zur\u00fcckblicken, &#8211; leider unter Pandemie Restriktionen. Wir sind froh und stolz, dass wir bei allen H\u00f6hen und Tiefen, die die Jahre so mit sich brachten, so weit gekommen sind. Wir gedenken Herrn Johannes G\u00fcnther Jung (1924-2016) und Frau&#8230;<\/p>\n","protected":false},"author":2,"featured_media":962,"comment_status":"closed","ping_status":"open","sticky":false,"template":"","format":"standard","meta":{"footnotes":""},"categories":[1],"tags":[40,17,39,54,42,48,51,52,10,11,7,8,50,13,14,45,55,49,41,44,26,32,31,25,53,47],"class_list":["post-960","post","type-post","status-publish","format-standard","has-post-thumbnail","hentry","category-unkategorisiert","tag-ausnahmesituation","tag-besondere","tag-corona","tag-dankeschoen","tag-faksimile","tag-guenther-jung","tag-in-memoriam","tag-jahresgedaechtnis","tag-jubilaeum","tag-jubilaeums-jahr","tag-jung","tag-jung-elektrogeraetebau","tag-kultur-erhalten","tag-kunde","tag-kunden","tag-museum","tag-museum-wilnsdorf","tag-nachwelt","tag-quarantaene","tag-skrptorium","tag-steuerung","tag-trafo-trupp","tag-trafos","tag-transformator","tag-trauer","tag-wilnsdorf"],"yoast_head":"<!-- This site is optimized with the Yoast SEO plugin v27.1.1 - https:\/\/yoast.com\/product\/yoast-seo-wordpress\/ -->\n<title>Jung Trafo - 75 j\u00e4hriges Betriebsjubil\u00e4um - Jung Transformatoren<\/title>\n<meta name=\"robots\" content=\"index, follow, max-snippet:-1, max-image-preview:large, max-video-preview:-1\" \/>\n<link rel=\"canonical\" href=\"https:\/\/jung-transformatoren.de\/en\/jung-trafo-75-jaehriges-betriebsjubilaeum\/\" \/>\n<meta property=\"og:locale\" content=\"en_US\" \/>\n<meta property=\"og:type\" content=\"article\" \/>\n<meta property=\"og:title\" content=\"Jung Trafo - 75 j\u00e4hriges Betriebsjubil\u00e4um - Jung Transformatoren\" \/>\n<meta property=\"og:description\" content=\"Jung Elektroger\u00e4tebau GmbH Dezember 2022 75 Jahre Jung Elektroger\u00e4tebau GmbH auf diese stolze Zahl durften wir 2022 zur\u00fcckblicken, &#8211; leider unter Pandemie Restriktionen. Wir sind froh und stolz, dass wir bei allen H\u00f6hen und Tiefen, die die Jahre so mit sich brachten, so weit gekommen sind. Wir gedenken Herrn Johannes G\u00fcnther Jung (1924-2016) und Frau...\" \/>\n<meta property=\"og:url\" content=\"https:\/\/jung-transformatoren.de\/en\/jung-trafo-75-jaehriges-betriebsjubilaeum\/\" \/>\n<meta property=\"og:site_name\" content=\"Jung Transformatoren\" \/>\n<meta property=\"article:published_time\" content=\"2023-01-08T16:54:23+00:00\" \/>\n<meta property=\"og:image\" content=\"https:\/\/jung-transformatoren.de\/wp-content\/uploads\/2023\/01\/DSC_2899-klein.jpg\" \/>\n\t<meta property=\"og:image:width\" content=\"1280\" \/>\n\t<meta property=\"og:image:height\" content=\"853\" \/>\n\t<meta property=\"og:image:type\" content=\"image\/jpeg\" \/>\n<meta name=\"author\" content=\"Elfi Jung\" \/>\n<meta name=\"twitter:card\" content=\"summary_large_image\" \/>\n<meta name=\"twitter:label1\" content=\"Written by\" \/>\n\t<meta name=\"twitter:data1\" content=\"Elfi Jung\" \/>\n\t<meta name=\"twitter:label2\" content=\"Est. reading time\" \/>\n\t<meta name=\"twitter:data2\" content=\"1 minute\" \/>\n<script type=\"application\/ld+json\" class=\"yoast-schema-graph\">{\"@context\":\"https:\/\/schema.org\",\"@graph\":[{\"@type\":\"Article\",\"@id\":\"https:\/\/jung-transformatoren.de\/en\/jung-trafo-75-jaehriges-betriebsjubilaeum\/#article\",\"isPartOf\":{\"@id\":\"https:\/\/jung-transformatoren.de\/en\/jung-trafo-75-jaehriges-betriebsjubilaeum\/\"},\"author\":{\"name\":\"Elfi Jung\",\"@id\":\"https:\/\/jung-transformatoren.de\/en\/#\/schema\/person\/5549112ddd4ad486cdf9b1fd35eee2e5\"},\"headline\":\"Jung Trafo &#8211; 75 j\u00e4hriges Betriebsjubil\u00e4um\",\"datePublished\":\"2023-01-08T16:54:23+00:00\",\"mainEntityOfPage\":{\"@id\":\"https:\/\/jung-transformatoren.de\/en\/jung-trafo-75-jaehriges-betriebsjubilaeum\/\"},\"wordCount\":128,\"publisher\":{\"@id\":\"https:\/\/jung-transformatoren.de\/en\/#organization\"},\"image\":{\"@id\":\"https:\/\/jung-transformatoren.de\/en\/jung-trafo-75-jaehriges-betriebsjubilaeum\/#primaryimage\"},\"thumbnailUrl\":\"https:\/\/jung-transformatoren.de\/wp-content\/uploads\/2023\/01\/DSC_2899-klein.jpg\",\"keywords\":[\"Ausnahmesituation\",\"besondere\",\"Corona\",\"Dankesch\u00f6n\",\"Faksimile\",\"G\u00fcnther Jung\",\"In Memoriam\",\"Jahresged\u00e4chtnis\",\"Jubil\u00e4um\",\"Jubil\u00e4ums-Jahr\",\"Jung\",\"Jung Elektroger\u00e4tebau\",\"Kultur-erhalten\",\"Kunde\",\"Kunden\",\"Museum\",\"Museum Wilnsdorf\",\"Nachwelt\",\"Quarant\u00e4ne\",\"Skrptorium\",\"Steuerung\",\"Trafo-Trupp\",\"Trafos\",\"Transformator\",\"Trauer\",\"Wilnsdorf\"],\"articleSection\":[\"Unkategorisiert\"],\"inLanguage\":\"en-US\"},{\"@type\":\"WebPage\",\"@id\":\"https:\/\/jung-transformatoren.de\/en\/jung-trafo-75-jaehriges-betriebsjubilaeum\/\",\"url\":\"https:\/\/jung-transformatoren.de\/en\/jung-trafo-75-jaehriges-betriebsjubilaeum\/\",\"name\":\"Jung Trafo - 75 j\u00e4hriges Betriebsjubil\u00e4um - Jung Transformatoren\",\"isPartOf\":{\"@id\":\"https:\/\/jung-transformatoren.de\/en\/#website\"},\"primaryImageOfPage\":{\"@id\":\"https:\/\/jung-transformatoren.de\/en\/jung-trafo-75-jaehriges-betriebsjubilaeum\/#primaryimage\"},\"image\":{\"@id\":\"https:\/\/jung-transformatoren.de\/en\/jung-trafo-75-jaehriges-betriebsjubilaeum\/#primaryimage\"},\"thumbnailUrl\":\"https:\/\/jung-transformatoren.de\/wp-content\/uploads\/2023\/01\/DSC_2899-klein.jpg\",\"datePublished\":\"2023-01-08T16:54:23+00:00\",\"breadcrumb\":{\"@id\":\"https:\/\/jung-transformatoren.de\/en\/jung-trafo-75-jaehriges-betriebsjubilaeum\/#breadcrumb\"},\"inLanguage\":\"en-US\",\"potentialAction\":[{\"@type\":\"ReadAction\",\"target\":[\"https:\/\/jung-transformatoren.de\/en\/jung-trafo-75-jaehriges-betriebsjubilaeum\/\"]}]},{\"@type\":\"ImageObject\",\"inLanguage\":\"en-US\",\"@id\":\"https:\/\/jung-transformatoren.de\/en\/jung-trafo-75-jaehriges-betriebsjubilaeum\/#primaryimage\",\"url\":\"https:\/\/jung-transformatoren.de\/wp-content\/uploads\/2023\/01\/DSC_2899-klein.jpg\",\"contentUrl\":\"https:\/\/jung-transformatoren.de\/wp-content\/uploads\/2023\/01\/DSC_2899-klein.jpg\",\"width\":1280,\"height\":853},{\"@type\":\"BreadcrumbList\",\"@id\":\"https:\/\/jung-transformatoren.de\/en\/jung-trafo-75-jaehriges-betriebsjubilaeum\/#breadcrumb\",\"itemListElement\":[{\"@type\":\"ListItem\",\"position\":1,\"name\":\"Startseite\",\"item\":\"https:\/\/jung-transformatoren.de\/en\/\"},{\"@type\":\"ListItem\",\"position\":2,\"name\":\"Jung Trafo &#8211; 75 j\u00e4hriges Betriebsjubil\u00e4um\"}]},{\"@type\":\"WebSite\",\"@id\":\"https:\/\/jung-transformatoren.de\/en\/#website\",\"url\":\"https:\/\/jung-transformatoren.de\/en\/\",\"name\":\"Jung Transformatoren\",\"description\":\"Fertigung von Transformatoren mit h\u00f6chstem Qualit\u00e4tsstandard\",\"publisher\":{\"@id\":\"https:\/\/jung-transformatoren.de\/en\/#organization\"},\"potentialAction\":[{\"@type\":\"SearchAction\",\"target\":{\"@type\":\"EntryPoint\",\"urlTemplate\":\"https:\/\/jung-transformatoren.de\/en\/?s={search_term_string}\"},\"query-input\":{\"@type\":\"PropertyValueSpecification\",\"valueRequired\":true,\"valueName\":\"search_term_string\"}}],\"inLanguage\":\"en-US\"},{\"@type\":\"Organization\",\"@id\":\"https:\/\/jung-transformatoren.de\/en\/#organization\",\"name\":\"Jung Elektroger\u00e4tebau GmbH\",\"url\":\"https:\/\/jung-transformatoren.de\/en\/\",\"logo\":{\"@type\":\"ImageObject\",\"inLanguage\":\"en-US\",\"@id\":\"https:\/\/jung-transformatoren.de\/en\/#\/schema\/logo\/image\/\",\"url\":\"https:\/\/jung-transformatoren.de\/wp-content\/uploads\/2017\/11\/logo.png\",\"contentUrl\":\"https:\/\/jung-transformatoren.de\/wp-content\/uploads\/2017\/11\/logo.png\",\"width\":210,\"height\":58,\"caption\":\"Jung Elektroger\u00e4tebau GmbH\"},\"image\":{\"@id\":\"https:\/\/jung-transformatoren.de\/en\/#\/schema\/logo\/image\/\"}},{\"@type\":\"Person\",\"@id\":\"https:\/\/jung-transformatoren.de\/en\/#\/schema\/person\/5549112ddd4ad486cdf9b1fd35eee2e5\",\"name\":\"Elfi Jung\"}]}<\/script>\n<!-- \/ Yoast SEO plugin. -->","yoast_head_json":{"title":"Jung Trafo - 75 j\u00e4hriges Betriebsjubil\u00e4um - Jung Transformatoren","robots":{"index":"index","follow":"follow","max-snippet":"max-snippet:-1","max-image-preview":"max-image-preview:large","max-video-preview":"max-video-preview:-1"},"canonical":"https:\/\/jung-transformatoren.de\/en\/jung-trafo-75-jaehriges-betriebsjubilaeum\/","og_locale":"en_US","og_type":"article","og_title":"Jung Trafo - 75 j\u00e4hriges Betriebsjubil\u00e4um - Jung Transformatoren","og_description":"Jung Elektroger\u00e4tebau GmbH Dezember 2022 75 Jahre Jung Elektroger\u00e4tebau GmbH auf diese stolze Zahl durften wir 2022 zur\u00fcckblicken, &#8211; leider unter Pandemie Restriktionen. Wir sind froh und stolz, dass wir bei allen H\u00f6hen und Tiefen, die die Jahre so mit sich brachten, so weit gekommen sind. Wir gedenken Herrn Johannes G\u00fcnther Jung (1924-2016) und Frau...","og_url":"https:\/\/jung-transformatoren.de\/en\/jung-trafo-75-jaehriges-betriebsjubilaeum\/","og_site_name":"Jung Transformatoren","article_published_time":"2023-01-08T16:54:23+00:00","og_image":[{"width":1280,"height":853,"url":"https:\/\/jung-transformatoren.de\/wp-content\/uploads\/2023\/01\/DSC_2899-klein.jpg","type":"image\/jpeg"}],"author":"Elfi Jung","twitter_card":"summary_large_image","twitter_misc":{"Written by":"Elfi Jung","Est. reading time":"1 minute"},"schema":{"@context":"https:\/\/schema.org","@graph":[{"@type":"Article","@id":"https:\/\/jung-transformatoren.de\/en\/jung-trafo-75-jaehriges-betriebsjubilaeum\/#article","isPartOf":{"@id":"https:\/\/jung-transformatoren.de\/en\/jung-trafo-75-jaehriges-betriebsjubilaeum\/"},"author":{"name":"Elfi Jung","@id":"https:\/\/jung-transformatoren.de\/en\/#\/schema\/person\/5549112ddd4ad486cdf9b1fd35eee2e5"},"headline":"Jung Trafo &#8211; 75 j\u00e4hriges Betriebsjubil\u00e4um","datePublished":"2023-01-08T16:54:23+00:00","mainEntityOfPage":{"@id":"https:\/\/jung-transformatoren.de\/en\/jung-trafo-75-jaehriges-betriebsjubilaeum\/"},"wordCount":128,"publisher":{"@id":"https:\/\/jung-transformatoren.de\/en\/#organization"},"image":{"@id":"https:\/\/jung-transformatoren.de\/en\/jung-trafo-75-jaehriges-betriebsjubilaeum\/#primaryimage"},"thumbnailUrl":"https:\/\/jung-transformatoren.de\/wp-content\/uploads\/2023\/01\/DSC_2899-klein.jpg","keywords":["Ausnahmesituation","besondere","Corona","Dankesch\u00f6n","Faksimile","G\u00fcnther Jung","In Memoriam","Jahresged\u00e4chtnis","Jubil\u00e4um","Jubil\u00e4ums-Jahr","Jung","Jung Elektroger\u00e4tebau","Kultur-erhalten","Kunde","Kunden","Museum","Museum Wilnsdorf","Nachwelt","Quarant\u00e4ne","Skrptorium","Steuerung","Trafo-Trupp","Trafos","Transformator","Trauer","Wilnsdorf"],"articleSection":["Unkategorisiert"],"inLanguage":"en-US"},{"@type":"WebPage","@id":"https:\/\/jung-transformatoren.de\/en\/jung-trafo-75-jaehriges-betriebsjubilaeum\/","url":"https:\/\/jung-transformatoren.de\/en\/jung-trafo-75-jaehriges-betriebsjubilaeum\/","name":"Jung Trafo - 75 j\u00e4hriges Betriebsjubil\u00e4um - Jung Transformatoren","isPartOf":{"@id":"https:\/\/jung-transformatoren.de\/en\/#website"},"primaryImageOfPage":{"@id":"https:\/\/jung-transformatoren.de\/en\/jung-trafo-75-jaehriges-betriebsjubilaeum\/#primaryimage"},"image":{"@id":"https:\/\/jung-transformatoren.de\/en\/jung-trafo-75-jaehriges-betriebsjubilaeum\/#primaryimage"},"thumbnailUrl":"https:\/\/jung-transformatoren.de\/wp-content\/uploads\/2023\/01\/DSC_2899-klein.jpg","datePublished":"2023-01-08T16:54:23+00:00","breadcrumb":{"@id":"https:\/\/jung-transformatoren.de\/en\/jung-trafo-75-jaehriges-betriebsjubilaeum\/#breadcrumb"},"inLanguage":"en-US","potentialAction":[{"@type":"ReadAction","target":["https:\/\/jung-transformatoren.de\/en\/jung-trafo-75-jaehriges-betriebsjubilaeum\/"]}]},{"@type":"ImageObject","inLanguage":"en-US","@id":"https:\/\/jung-transformatoren.de\/en\/jung-trafo-75-jaehriges-betriebsjubilaeum\/#primaryimage","url":"https:\/\/jung-transformatoren.de\/wp-content\/uploads\/2023\/01\/DSC_2899-klein.jpg","contentUrl":"https:\/\/jung-transformatoren.de\/wp-content\/uploads\/2023\/01\/DSC_2899-klein.jpg","width":1280,"height":853},{"@type":"BreadcrumbList","@id":"https:\/\/jung-transformatoren.de\/en\/jung-trafo-75-jaehriges-betriebsjubilaeum\/#breadcrumb","itemListElement":[{"@type":"ListItem","position":1,"name":"Startseite","item":"https:\/\/jung-transformatoren.de\/en\/"},{"@type":"ListItem","position":2,"name":"Jung Trafo &#8211; 75 j\u00e4hriges Betriebsjubil\u00e4um"}]},{"@type":"WebSite","@id":"https:\/\/jung-transformatoren.de\/en\/#website","url":"https:\/\/jung-transformatoren.de\/en\/","name":"Jung Transformatoren","description":"Fertigung von Transformatoren mit h\u00f6chstem Qualit\u00e4tsstandard","publisher":{"@id":"https:\/\/jung-transformatoren.de\/en\/#organization"},"potentialAction":[{"@type":"SearchAction","target":{"@type":"EntryPoint","urlTemplate":"https:\/\/jung-transformatoren.de\/en\/?s={search_term_string}"},"query-input":{"@type":"PropertyValueSpecification","valueRequired":true,"valueName":"search_term_string"}}],"inLanguage":"en-US"},{"@type":"Organization","@id":"https:\/\/jung-transformatoren.de\/en\/#organization","name":"Jung Elektroger\u00e4tebau GmbH","url":"https:\/\/jung-transformatoren.de\/en\/","logo":{"@type":"ImageObject","inLanguage":"en-US","@id":"https:\/\/jung-transformatoren.de\/en\/#\/schema\/logo\/image\/","url":"https:\/\/jung-transformatoren.de\/wp-content\/uploads\/2017\/11\/logo.png","contentUrl":"https:\/\/jung-transformatoren.de\/wp-content\/uploads\/2017\/11\/logo.png","width":210,"height":58,"caption":"Jung Elektroger\u00e4tebau GmbH"},"image":{"@id":"https:\/\/jung-transformatoren.de\/en\/#\/schema\/logo\/image\/"}},{"@type":"Person","@id":"https:\/\/jung-transformatoren.de\/en\/#\/schema\/person\/5549112ddd4ad486cdf9b1fd35eee2e5","name":"Elfi Jung"}]}},"_links":{"self":[{"href":"https:\/\/jung-transformatoren.de\/en\/wp-json\/wp\/v2\/posts\/960","targetHints":{"allow":["GET"]}}],"collection":[{"href":"https:\/\/jung-transformatoren.de\/en\/wp-json\/wp\/v2\/posts"}],"about":[{"href":"https:\/\/jung-transformatoren.de\/en\/wp-json\/wp\/v2\/types\/post"}],"author":[{"embeddable":true,"href":"https:\/\/jung-transformatoren.de\/en\/wp-json\/wp\/v2\/users\/2"}],"replies":[{"embeddable":true,"href":"https:\/\/jung-transformatoren.de\/en\/wp-json\/wp\/v2\/comments?post=960"}],"version-history":[{"count":2,"href":"https:\/\/jung-transformatoren.de\/en\/wp-json\/wp\/v2\/posts\/960\/revisions"}],"predecessor-version":[{"id":964,"href":"https:\/\/jung-transformatoren.de\/en\/wp-json\/wp\/v2\/posts\/960\/revisions\/964"}],"wp:featuredmedia":[{"embeddable":true,"href":"https:\/\/jung-transformatoren.de\/en\/wp-json\/wp\/v2\/media\/962"}],"wp:attachment":[{"href":"https:\/\/jung-transformatoren.de\/en\/wp-json\/wp\/v2\/media?parent=960"}],"wp:term":[{"taxonomy":"category","embeddable":true,"href":"https:\/\/jung-transformatoren.de\/en\/wp-json\/wp\/v2\/categories?post=960"},{"taxonomy":"post_tag","embeddable":true,"href":"https:\/\/jung-transformatoren.de\/en\/wp-json\/wp\/v2\/tags?post=960"}],"curies":[{"name":"wp","href":"https:\/\/api.w.org\/{rel}","templated":true}]}}